{"id":9923,"date":"2020-09-08T18:29:21","date_gmt":"2020-09-08T18:29:21","guid":{"rendered":"http:\/\/www.toamnalavoronet.ro\/?p=9923"},"modified":"2020-10-16T10:30:57","modified_gmt":"2020-10-16T10:30:57","slug":"toamna-la-voronet-editia-jubiliara-xl-05-11-oct-2020","status":"publish","type":"post","link":"https:\/\/www.toamnalavoronet.ro\/en\/toamna-la-voronet-editia-jubiliara-xl-05-11-oct-2020\/","title":{"rendered":"Toamn\u0103 la Vorone\u021b &#8211; Edi\u021bia jubiliar\u0103 XL 05-11 oct. 2020"},"content":{"rendered":"<p style=\"text-align: justify;\"><img decoding=\"async\" loading=\"lazy\" class=\"aligncenter size-full wp-image-9924\" src=\"http:\/\/www.toamnalavoronet.ro\/wp-content\/uploads\/2020\/09\/toamna-banner-XL.jpg\" alt=\"\" width=\"827\" height=\"320\" srcset=\"https:\/\/www.toamnalavoronet.ro\/wp-content\/uploads\/2020\/09\/toamna-banner-XL.jpg 827w, https:\/\/www.toamnalavoronet.ro\/wp-content\/uploads\/2020\/09\/toamna-banner-XL-300x116.jpg 300w, https:\/\/www.toamnalavoronet.ro\/wp-content\/uploads\/2020\/09\/toamna-banner-XL-768x297.jpg 768w, https:\/\/www.toamnalavoronet.ro\/wp-content\/uploads\/2020\/09\/toamna-banner-XL-400x155.jpg 400w\" sizes=\"(max-width: 827px) 100vw, 827px\" \/><br \/>\nLa \u00eenceput a fost diaporama&#8230;a urmat documentarul&#8230; \u0219i a ap\u0103rut filmul. Filme rom\u00e2ne\u0219ti, de ieri \u0219i de azi.<br \/>\nCea de-a XL-a edi\u021bie a Festivalului Interna\u021bional de Film, Diaporam\u0103 \u0219i Fotografie &#8220;Toamn\u0103 la Vorone\u021b&#8221;, se va desf\u0103\u0219ura \u00een perioada 05 &#8211; 11 octombrie 2020.<\/p>\n<p style=\"text-align: justify;\">Av\u00e2nd \u00een vedere m\u0103surile de restric\u021bie, siguran\u021b\u0103 \u0219i preven\u021bie adoptate de autorit\u0103\u021bi \u00een aceast\u0103 perioad\u0103, cea de-a 40 &#8211; a edi\u021bie a Festivalului se va desf\u0103\u0219ura at\u00e2t \u00een aer liber c\u00e2t \u0219i online. Fiind o edi\u021bie jubiliar\u0103, nu vom avea filme \u00een competi\u021bie, dedic\u00e2ndu-ne \u00een exclusivitate diaporamei \u0219i filmului rom\u00e2nesc. Vom reveni cu programul detaliat al Festivalului pe parcursul lunii septembrie.<\/p>\n","protected":false},"excerpt":{"rendered":"<p>La \u00eenceput a fost diaporama&#8230;a urmat documentarul&#8230; \u0219i a ap\u0103rut filmul. Filme rom\u00e2ne\u0219ti, de ieri \u0219i de azi. Cea de-a XL-a edi\u021bie a Festivalului Interna\u021bional de Film, Diaporam\u0103 \u0219i Fotografie &#8220;Toamn\u0103 la Vorone\u021b&#8221;, se va desf\u0103\u0219ura \u00een perioada 05 &#8211; 11 octombrie 2020. Av\u00e2nd \u00een vedere m\u0103surile de restric\u021bie, siguran\u021b\u0103 \u0219i preven\u021bie adoptate de autorit\u0103\u021bi &hellip; <a href=\"https:\/\/www.toamnalavoronet.ro\/en\/toamna-la-voronet-editia-jubiliara-xl-05-11-oct-2020\/\" class=\"excerpt-link\">Read More<\/a><\/p>\n","protected":false},"author":2,"featured_media":0,"comment_status":"closed","ping_status":"closed","sticky":false,"template":"","format":"standard","meta":{"ngg_post_thumbnail":0},"categories":[759,757],"tags":[760],"yoast_head":"<!-- This site is optimized with the Yoast SEO plugin v21.3 - https:\/\/yoast.com\/wordpress\/plugins\/seo\/ -->\n<title>Toamn\u0103 la Vorone\u021b - Edi\u021bia jubiliar\u0103 XL 05-11 oct. 2020 - Toamn\u0103 la Vorone\u021b<\/title>\n<meta name=\"robots\" content=\"index, follow, max-snippet:-1, max-image-preview:large, max-video-preview:-1\" \/>\n<link rel=\"canonical\" href=\"https:\/\/www.toamnalavoronet.ro\/en\/toamna-la-voronet-editia-jubiliara-xl-05-11-oct-2020\/\" \/>\n<meta property=\"og:locale\" content=\"en_US\" \/>\n<meta property=\"og:type\" content=\"article\" \/>\n<meta property=\"og:title\" content=\"Toamn\u0103 la Vorone\u021b - Edi\u021bia jubiliar\u0103 XL 05-11 oct. 2020 - Toamn\u0103 la Vorone\u021b\" \/>\n<meta property=\"og:description\" content=\"La \u00eenceput a fost diaporama&#8230;a urmat documentarul&#8230; \u0219i a ap\u0103rut filmul. Filme rom\u00e2ne\u0219ti, de ieri \u0219i de azi. Cea de-a XL-a edi\u021bie a Festivalului Interna\u021bional de Film, Diaporam\u0103 \u0219i Fotografie &#8220;Toamn\u0103 la Vorone\u021b&#8221;, se va desf\u0103\u0219ura \u00een perioada 05 &#8211; 11 octombrie 2020. Av\u00e2nd \u00een vedere m\u0103surile de restric\u021bie, siguran\u021b\u0103 \u0219i preven\u021bie adoptate de autorit\u0103\u021bi &hellip; Read More\" \/>\n<meta property=\"og:url\" content=\"https:\/\/www.toamnalavoronet.ro\/en\/toamna-la-voronet-editia-jubiliara-xl-05-11-oct-2020\/\" \/>\n<meta property=\"og:site_name\" content=\"Toamn\u0103 la Vorone\u021b\" \/>\n<meta property=\"article:publisher\" content=\"https:\/\/www.facebook.com\/culturahumor.ro\/\" \/>\n<meta property=\"article:published_time\" content=\"2020-09-08T18:29:21+00:00\" \/>\n<meta property=\"article:modified_time\" content=\"2020-10-16T10:30:57+00:00\" \/>\n<meta property=\"og:image\" content=\"http:\/\/www.toamnalavoronet.ro\/wp-content\/uploads\/2020\/09\/toamna-banner-XL.jpg\" \/>\n<meta name=\"author\" content=\"toamnalavoronet\" \/>\n<meta name=\"twitter:card\" content=\"summary_large_image\" \/>\n<meta name=\"twitter:label1\" content=\"Written by\" \/>\n\t<meta name=\"twitter:data1\" content=\"toamnalavoronet\" \/>\n\t<meta name=\"twitter:label2\" content=\"Est. reading time\" \/>\n\t<meta name=\"twitter:data2\" content=\"1 minute\" \/>\n<script type=\"application\/ld+json\" class=\"yoast-schema-graph\">{\"@context\":\"https:\/\/schema.org\",\"@graph\":[{\"@type\":\"Article\",\"@id\":\"https:\/\/www.toamnalavoronet.ro\/en\/toamna-la-voronet-editia-jubiliara-xl-05-11-oct-2020\/#article\",\"isPartOf\":{\"@id\":\"https:\/\/www.toamnalavoronet.ro\/en\/toamna-la-voronet-editia-jubiliara-xl-05-11-oct-2020\/\"},\"author\":{\"name\":\"toamnalavoronet\",\"@id\":\"https:\/\/www.toamnalavoronet.ro\/#\/schema\/person\/8749674d4c9307c9b15605c009e01edc\"},\"headline\":\"Toamn\u0103 la Vorone\u021b &#8211; Edi\u021bia jubiliar\u0103 XL 05-11 oct. 2020\",\"datePublished\":\"2020-09-08T18:29:21+00:00\",\"dateModified\":\"2020-10-16T10:30:57+00:00\",\"mainEntityOfPage\":{\"@id\":\"https:\/\/www.toamnalavoronet.ro\/en\/toamna-la-voronet-editia-jubiliara-xl-05-11-oct-2020\/\"},\"wordCount\":130,\"publisher\":{\"@id\":\"https:\/\/www.toamnalavoronet.ro\/#organization\"},\"keywords\":[\"Editia 2020\"],\"articleSection\":[\"Editia 2020\",\"Noutati\"],\"inLanguage\":\"en-US\"},{\"@type\":\"WebPage\",\"@id\":\"https:\/\/www.toamnalavoronet.ro\/en\/toamna-la-voronet-editia-jubiliara-xl-05-11-oct-2020\/\",\"url\":\"https:\/\/www.toamnalavoronet.ro\/en\/toamna-la-voronet-editia-jubiliara-xl-05-11-oct-2020\/\",\"name\":\"Toamn\u0103 la Vorone\u021b - Edi\u021bia jubiliar\u0103 XL 05-11 oct. 2020 - Toamn\u0103 la Vorone\u021b\",\"isPartOf\":{\"@id\":\"https:\/\/www.toamnalavoronet.ro\/#website\"},\"datePublished\":\"2020-09-08T18:29:21+00:00\",\"dateModified\":\"2020-10-16T10:30:57+00:00\",\"breadcrumb\":{\"@id\":\"https:\/\/www.toamnalavoronet.ro\/en\/toamna-la-voronet-editia-jubiliara-xl-05-11-oct-2020\/#breadcrumb\"},\"inLanguage\":\"en-US\",\"potentialAction\":[{\"@type\":\"ReadAction\",\"target\":[\"https:\/\/www.toamnalavoronet.ro\/en\/toamna-la-voronet-editia-jubiliara-xl-05-11-oct-2020\/\"]}]},{\"@type\":\"BreadcrumbList\",\"@id\":\"https:\/\/www.toamnalavoronet.ro\/en\/toamna-la-voronet-editia-jubiliara-xl-05-11-oct-2020\/#breadcrumb\",\"itemListElement\":[{\"@type\":\"ListItem\",\"position\":1,\"name\":\"Prima pagin\u0103\",\"item\":\"https:\/\/www.toamnalavoronet.ro\/\"},{\"@type\":\"ListItem\",\"position\":2,\"name\":\"Toamn\u0103 la Vorone\u021b &#8211; Edi\u021bia jubiliar\u0103 XL 05-11 oct. 2020\"}]},{\"@type\":\"WebSite\",\"@id\":\"https:\/\/www.toamnalavoronet.ro\/#website\",\"url\":\"https:\/\/www.toamnalavoronet.ro\/\",\"name\":\"Toamn\u0103 la Vorone\u021b\",\"description\":\"The  International  Film  Festival \u201cAutumn in Voronet\u201d\",\"publisher\":{\"@id\":\"https:\/\/www.toamnalavoronet.ro\/#organization\"},\"potentialAction\":[{\"@type\":\"SearchAction\",\"target\":{\"@type\":\"EntryPoint\",\"urlTemplate\":\"https:\/\/www.toamnalavoronet.ro\/?s={search_term_string}\"},\"query-input\":\"required name=search_term_string\"}],\"inLanguage\":\"en-US\"},{\"@type\":\"Organization\",\"@id\":\"https:\/\/www.toamnalavoronet.ro\/#organization\",\"name\":\"Toamn\u0103 la Vorone\u021b - Festivalul Interna\u021bional de Film, Diaporam\u0103 \u0219i Fotografie\",\"url\":\"https:\/\/www.toamnalavoronet.ro\/\",\"logo\":{\"@type\":\"ImageObject\",\"inLanguage\":\"en-US\",\"@id\":\"https:\/\/www.toamnalavoronet.ro\/#\/schema\/logo\/image\/\",\"url\":\"https:\/\/www.toamnalavoronet.ro\/wp-content\/uploads\/2020\/07\/icon.jpg\",\"contentUrl\":\"https:\/\/www.toamnalavoronet.ro\/wp-content\/uploads\/2020\/07\/icon.jpg\",\"width\":100,\"height\":100,\"caption\":\"Toamn\u0103 la Vorone\u021b - Festivalul Interna\u021bional de Film, Diaporam\u0103 \u0219i Fotografie\"},\"image\":{\"@id\":\"https:\/\/www.toamnalavoronet.ro\/#\/schema\/logo\/image\/\"},\"sameAs\":[\"https:\/\/www.facebook.com\/culturahumor.ro\/\",\"https:\/\/www.youtube.com\/channel\/UCLJxDrTSePhKryOJXju3cYQ\"]},{\"@type\":\"Person\",\"@id\":\"https:\/\/www.toamnalavoronet.ro\/#\/schema\/person\/8749674d4c9307c9b15605c009e01edc\",\"name\":\"toamnalavoronet\",\"image\":{\"@type\":\"ImageObject\",\"inLanguage\":\"en-US\",\"@id\":\"https:\/\/www.toamnalavoronet.ro\/#\/schema\/person\/image\/\",\"url\":\"https:\/\/secure.gravatar.com\/avatar\/3735675907344c589a6579778a752ee9?s=96&d=mm&r=g\",\"contentUrl\":\"https:\/\/secure.gravatar.com\/avatar\/3735675907344c589a6579778a752ee9?s=96&d=mm&r=g\",\"caption\":\"toamnalavoronet\"},\"sameAs\":[\"http:\/\/www.toamnalavoronet.ro\"],\"url\":\"https:\/\/www.toamnalavoronet.ro\/en\/author\/toamnalavoronet\/\"}]}<\/script>\n<!-- \/ Yoast SEO plugin. -->","yoast_head_json":{"title":"Toamn\u0103 la Vorone\u021b - Edi\u021bia jubiliar\u0103 XL 05-11 oct. 2020 - Toamn\u0103 la Vorone\u021b","robots":{"index":"index","follow":"follow","max-snippet":"max-snippet:-1","max-image-preview":"max-image-preview:large","max-video-preview":"max-video-preview:-1"},"canonical":"https:\/\/www.toamnalavoronet.ro\/en\/toamna-la-voronet-editia-jubiliara-xl-05-11-oct-2020\/","og_locale":"en_US","og_type":"article","og_title":"Toamn\u0103 la Vorone\u021b - Edi\u021bia jubiliar\u0103 XL 05-11 oct. 2020 - Toamn\u0103 la Vorone\u021b","og_description":"La \u00eenceput a fost diaporama&#8230;a urmat documentarul&#8230; \u0219i a ap\u0103rut filmul. Filme rom\u00e2ne\u0219ti, de ieri \u0219i de azi. Cea de-a XL-a edi\u021bie a Festivalului Interna\u021bional de Film, Diaporam\u0103 \u0219i Fotografie &#8220;Toamn\u0103 la Vorone\u021b&#8221;, se va desf\u0103\u0219ura \u00een perioada 05 &#8211; 11 octombrie 2020. Av\u00e2nd \u00een vedere m\u0103surile de restric\u021bie, siguran\u021b\u0103 \u0219i preven\u021bie adoptate de autorit\u0103\u021bi &hellip; Read More","og_url":"https:\/\/www.toamnalavoronet.ro\/en\/toamna-la-voronet-editia-jubiliara-xl-05-11-oct-2020\/","og_site_name":"Toamn\u0103 la Vorone\u021b","article_publisher":"https:\/\/www.facebook.com\/culturahumor.ro\/","article_published_time":"2020-09-08T18:29:21+00:00","article_modified_time":"2020-10-16T10:30:57+00:00","og_image":[{"url":"http:\/\/www.toamnalavoronet.ro\/wp-content\/uploads\/2020\/09\/toamna-banner-XL.jpg"}],"author":"toamnalavoronet","twitter_card":"summary_large_image","twitter_misc":{"Written by":"toamnalavoronet","Est. reading time":"1 minute"},"schema":{"@context":"https:\/\/schema.org","@graph":[{"@type":"Article","@id":"https:\/\/www.toamnalavoronet.ro\/en\/toamna-la-voronet-editia-jubiliara-xl-05-11-oct-2020\/#article","isPartOf":{"@id":"https:\/\/www.toamnalavoronet.ro\/en\/toamna-la-voronet-editia-jubiliara-xl-05-11-oct-2020\/"},"author":{"name":"toamnalavoronet","@id":"https:\/\/www.toamnalavoronet.ro\/#\/schema\/person\/8749674d4c9307c9b15605c009e01edc"},"headline":"Toamn\u0103 la Vorone\u021b &#8211; Edi\u021bia jubiliar\u0103 XL 05-11 oct. 2020","datePublished":"2020-09-08T18:29:21+00:00","dateModified":"2020-10-16T10:30:57+00:00","mainEntityOfPage":{"@id":"https:\/\/www.toamnalavoronet.ro\/en\/toamna-la-voronet-editia-jubiliara-xl-05-11-oct-2020\/"},"wordCount":130,"publisher":{"@id":"https:\/\/www.toamnalavoronet.ro\/#organization"},"keywords":["Editia 2020"],"articleSection":["Editia 2020","Noutati"],"inLanguage":"en-US"},{"@type":"WebPage","@id":"https:\/\/www.toamnalavoronet.ro\/en\/toamna-la-voronet-editia-jubiliara-xl-05-11-oct-2020\/","url":"https:\/\/www.toamnalavoronet.ro\/en\/toamna-la-voronet-editia-jubiliara-xl-05-11-oct-2020\/","name":"Toamn\u0103 la Vorone\u021b - Edi\u021bia jubiliar\u0103 XL 05-11 oct. 2020 - Toamn\u0103 la Vorone\u021b","isPartOf":{"@id":"https:\/\/www.toamnalavoronet.ro\/#website"},"datePublished":"2020-09-08T18:29:21+00:00","dateModified":"2020-10-16T10:30:57+00:00","breadcrumb":{"@id":"https:\/\/www.toamnalavoronet.ro\/en\/toamna-la-voronet-editia-jubiliara-xl-05-11-oct-2020\/#breadcrumb"},"inLanguage":"en-US","potentialAction":[{"@type":"ReadAction","target":["https:\/\/www.toamnalavoronet.ro\/en\/toamna-la-voronet-editia-jubiliara-xl-05-11-oct-2020\/"]}]},{"@type":"BreadcrumbList","@id":"https:\/\/www.toamnalavoronet.ro\/en\/toamna-la-voronet-editia-jubiliara-xl-05-11-oct-2020\/#breadcrumb","itemListElement":[{"@type":"ListItem","position":1,"name":"Prima pagin\u0103","item":"https:\/\/www.toamnalavoronet.ro\/"},{"@type":"ListItem","position":2,"name":"Toamn\u0103 la Vorone\u021b &#8211; Edi\u021bia jubiliar\u0103 XL 05-11 oct. 2020"}]},{"@type":"WebSite","@id":"https:\/\/www.toamnalavoronet.ro\/#website","url":"https:\/\/www.toamnalavoronet.ro\/","name":"Toamn\u0103 la Vorone\u021b","description":"The  International  Film  Festival \u201cAutumn in Voronet\u201d","publisher":{"@id":"https:\/\/www.toamnalavoronet.ro\/#organization"},"potentialAction":[{"@type":"SearchAction","target":{"@type":"EntryPoint","urlTemplate":"https:\/\/www.toamnalavoronet.ro\/?s={search_term_string}"},"query-input":"required name=search_term_string"}],"inLanguage":"en-US"},{"@type":"Organization","@id":"https:\/\/www.toamnalavoronet.ro\/#organization","name":"Toamn\u0103 la Vorone\u021b - Festivalul Interna\u021bional de Film, Diaporam\u0103 \u0219i Fotografie","url":"https:\/\/www.toamnalavoronet.ro\/","logo":{"@type":"ImageObject","inLanguage":"en-US","@id":"https:\/\/www.toamnalavoronet.ro\/#\/schema\/logo\/image\/","url":"https:\/\/www.toamnalavoronet.ro\/wp-content\/uploads\/2020\/07\/icon.jpg","contentUrl":"https:\/\/www.toamnalavoronet.ro\/wp-content\/uploads\/2020\/07\/icon.jpg","width":100,"height":100,"caption":"Toamn\u0103 la Vorone\u021b - Festivalul Interna\u021bional de Film, Diaporam\u0103 \u0219i Fotografie"},"image":{"@id":"https:\/\/www.toamnalavoronet.ro\/#\/schema\/logo\/image\/"},"sameAs":["https:\/\/www.facebook.com\/culturahumor.ro\/","https:\/\/www.youtube.com\/channel\/UCLJxDrTSePhKryOJXju3cYQ"]},{"@type":"Person","@id":"https:\/\/www.toamnalavoronet.ro\/#\/schema\/person\/8749674d4c9307c9b15605c009e01edc","name":"toamnalavoronet","image":{"@type":"ImageObject","inLanguage":"en-US","@id":"https:\/\/www.toamnalavoronet.ro\/#\/schema\/person\/image\/","url":"https:\/\/secure.gravatar.com\/avatar\/3735675907344c589a6579778a752ee9?s=96&d=mm&r=g","contentUrl":"https:\/\/secure.gravatar.com\/avatar\/3735675907344c589a6579778a752ee9?s=96&d=mm&r=g","caption":"toamnalavoronet"},"sameAs":["http:\/\/www.toamnalavoronet.ro"],"url":"https:\/\/www.toamnalavoronet.ro\/en\/author\/toamnalavoronet\/"}]}},"_links":{"self":[{"href":"https:\/\/www.toamnalavoronet.ro\/en\/wp-json\/wp\/v2\/posts\/9923"}],"collection":[{"href":"https:\/\/www.toamnalavoronet.ro\/en\/wp-json\/wp\/v2\/posts"}],"about":[{"href":"https:\/\/www.toamnalavoronet.ro\/en\/wp-json\/wp\/v2\/types\/post"}],"author":[{"embeddable":true,"href":"https:\/\/www.toamnalavoronet.ro\/en\/wp-json\/wp\/v2\/users\/2"}],"replies":[{"embeddable":true,"href":"https:\/\/www.toamnalavoronet.ro\/en\/wp-json\/wp\/v2\/comments?post=9923"}],"version-history":[{"count":9,"href":"https:\/\/www.toamnalavoronet.ro\/en\/wp-json\/wp\/v2\/posts\/9923\/revisions"}],"predecessor-version":[{"id":11038,"href":"https:\/\/www.toamnalavoronet.ro\/en\/wp-json\/wp\/v2\/posts\/9923\/revisions\/11038"}],"wp:attachment":[{"href":"https:\/\/www.toamnalavoronet.ro\/en\/wp-json\/wp\/v2\/media?parent=9923"}],"wp:term":[{"taxonomy":"category","embeddable":true,"href":"https:\/\/www.toamnalavoronet.ro\/en\/wp-json\/wp\/v2\/categories?post=9923"},{"taxonomy":"post_tag","embeddable":true,"href":"https:\/\/www.toamnalavoronet.ro\/en\/wp-json\/wp\/v2\/tags?post=9923"}],"curies":[{"name":"wp","href":"https:\/\/api.w.org\/{rel}","templated":true}]}}